{"id":23966,"date":"2019-11-08T11:01:26","date_gmt":"2019-11-08T11:01:26","guid":{"rendered":"https:\/\/rhepa.se\/rhenman-healthcare-equity-l-s-65-i-okt-bioteknik-tillbaka-i-blickfanget\/"},"modified":"2019-11-08T11:01:26","modified_gmt":"2019-11-08T11:01:26","slug":"rhenman-healthcare-equity-l-s-65-i-okt-bioteknik-tillbaka-i-blickfanget","status":"publish","type":"post","link":"https:\/\/rhepa.se\/en\/rhenman-healthcare-equity-l-s-65-i-okt-bioteknik-tillbaka-i-blickfanget\/","title":{"rendered":"Rhenman Healthcare Equity L\/S: +6,5% i okt, bioteknik tillbaka i blickf\u00e5nget"},"content":{"rendered":"<p>STOCKHOLM (Fonder Direkt): Efter tv\u00e5 m\u00e5nader i rad med negativ avkastning \u00e5terh\u00e4mtade aktiehedgefonden Rhenman Healthcare Equity L\/S en del av tappet och steg 6,5 procent i oktober sett till huvudandelsklassen IC1 EUR, samt med 6,7 procent vad g\u00e4ller RC1 SEK, som \u00e4r andelsklassen i svenska kronor. Utvecklingen inneb\u00e4r d\u00e4rmed uppg\u00e5ngar om 18,1 respektive 24,6 procent hittills i \u00e5r.<\/p>\n<p>&#8221;Den svaga utvecklingen under september togs igen under oktober till f\u00f6ljd av en mycket stark rapportperiod f\u00f6r h\u00e4lso- och sjukv\u00e5rdssektorn i kombination med tydligt positivt marknadssentiment. Bioteknik syns nu vara tillbaka i blickf\u00e5nget bland de bredare aktiefonderna, de s\u00e5 kallade generalisterna&#8221;, skriver fondf\u00f6rvaltarna Henrik Rhenman och Susanna Urdmark i rapporten.<\/p>\n<p>M\u00e5nadens b\u00e4sta bidragsgivare var amerikanska bioteknikbolagen RA Pharmaceuticals och Vertex Pharmaceuticals. Vad g\u00e4ller den f\u00f6rstn\u00e4mnda s\u00e5 lade UCB ett bud p\u00e5 bolaget till ett v\u00e4rde av 2,1 miljarder dollar, vilket innebar en premie p\u00e5 97 procent.<br \/>Vertex, marknadsledare inom behandling av cystisk fibros (CF) som \u00e4r en \u00e4rftlig och s\u00e4llsynt sjukdom som p\u00e5verkar kroppens slemhinnor, fick under m\u00e5naden godk\u00e4nt f\u00f6r sin trippelkombination Trikafta f\u00f6r en bredare patientgrupp inom CF tidigare \u00e4n v\u00e4ntat. Godk\u00e4nnandet inneb\u00e4r b\u00e4ttre tillv\u00e4xtutsikter f\u00f6r n\u00e4sta \u00e5r, vilket resulterade i en stark utveckling f\u00f6r aktien under perioden, noterar f\u00f6rvaltarna. <br \/>Ett innehav som inte utvecklades lika positivt under m\u00e5naden var Macrogenics. Bolagets SOPHIA-studie, som \u00e4r basen f\u00f6r den registreringsans\u00f6kan som bolaget ska l\u00e4mna in till FDA senare i \u00e5r, har visat en f\u00f6rb\u00e4ttrad progressionsfri \u00f6verlevnad, vilket \u00e4r det prim\u00e4ra effektm\u00e5ttet som ligger till grund f\u00f6r ans\u00f6kan om godk\u00e4nnande. <br \/>&#8221;De interimsdata f\u00f6r total \u00f6verlevnad som presenterades under perioden visade dock ingen f\u00f6rb\u00e4ttring j\u00e4mf\u00f6rt med standardbehandlingen. Det tolkades negativt eftersom det nu \u00e4r sv\u00e5rare att bed\u00f6ma produktens kommersiella potential. D\u00e4rf\u00f6r utvecklades aktiekursen svagt under oktober&#8221;, skriver Henrik Rhenman och Susanna Urdmark. <\/p>\n<p>I en fram\u00e5tblick p\u00e5pekar f\u00f6rvaltarna att de g\u00e5r i v\u00e4ntans tider, framf\u00f6rallt vad g\u00e4ller den juridiska processen om att f\u00e5 Obamacare f\u00f6rklarad of\u00f6renlig med den amerikanska konstitutionen. <br \/>&#8221;Vi v\u00e4ntar ocks\u00e5 p\u00e5 hur riksr\u00e4ttsprocessen mot president Donald Trump f\u00f6r\u00e4ndrar den politiska kartan, till exempel vad g\u00e4ller en m\u00f6jlig prisreform f\u00f6r l\u00e4kemedel redan i \u00e5r, eller hur sannolikheterna f\u00f6r olika utfall i det amerikanska valet n\u00e4sta h\u00f6st kan p\u00e5verkas. Vi f\u00e5r acceptera att \u00e4ven om v\u00e4rderingarna \u00e4r attraktiva kan det \u00e4nd\u00e5 bli fortsatt volatilt&#8221;, skriver f\u00f6rvaltarna. <br \/>Rhenman Healthcare Equity L\/S inneh\u00f6ll vid m\u00e5nadsskiftet 112 positioner. Sett till valuta \u00e4r amerikanska dollar dominerande med 80 procent, f\u00f6re schweizerfranc och euro som b\u00e4gge svarar f\u00f6r 5 procent. De fem st\u00f6rsta innehaven vid september m\u00e5nads utg\u00e5ng var Vertex Pharmaceuticals, Horizon Therapeutics, Roche Holding, Novocure samt Esperion Pharmaceuticals.<\/p>\n<p>Johanna Englundh +46 8 5191 7967 https:\/\/twitter.com\/Fonder_Direkt<br \/>Fonder Direkt<\/p>\n<p><\/p>","protected":false},"excerpt":{"rendered":"<p>STOCKHOLM (Fonder Direkt): Efter tv\u00e5 m\u00e5nader i rad med negativ avkastning \u00e5terh\u00e4mtade aktiehedgefonden Rhenman Healthcare Equity L\/S en del av tappet och steg 6,5 procent i oktober sett till huvudandelsklassen IC1 EUR, samt med 6,7 procent vad g\u00e4ller RC1 SEK, som \u00e4r andelsklassen i svenska kronor. Utvecklingen inneb\u00e4r d\u00e4rmed uppg\u00e5ngar om 18,1 respektive 24,6 procent [&hellip;]<\/p>\n","protected":false},"author":1,"featured_media":0,"comment_status":"open","ping_status":"open","sticky":false,"template":"","format":"standard","meta":{"_acf_changed":false,"footnotes":""},"categories":[3],"tags":[],"class_list":["post-23966","post","type-post","status-publish","format-standard","hentry","category-direct"],"acf":[],"aioseo_notices":[],"_links":{"self":[{"href":"https:\/\/rhepa.se\/en\/wp-json\/wp\/v2\/posts\/23966","targetHints":{"allow":["GET"]}}],"collection":[{"href":"https:\/\/rhepa.se\/en\/wp-json\/wp\/v2\/posts"}],"about":[{"href":"https:\/\/rhepa.se\/en\/wp-json\/wp\/v2\/types\/post"}],"author":[{"embeddable":true,"href":"https:\/\/rhepa.se\/en\/wp-json\/wp\/v2\/users\/1"}],"replies":[{"embeddable":true,"href":"https:\/\/rhepa.se\/en\/wp-json\/wp\/v2\/comments?post=23966"}],"version-history":[{"count":0,"href":"https:\/\/rhepa.se\/en\/wp-json\/wp\/v2\/posts\/23966\/revisions"}],"wp:attachment":[{"href":"https:\/\/rhepa.se\/en\/wp-json\/wp\/v2\/media?parent=23966"}],"wp:term":[{"taxonomy":"category","embeddable":true,"href":"https:\/\/rhepa.se\/en\/wp-json\/wp\/v2\/categories?post=23966"},{"taxonomy":"post_tag","embeddable":true,"href":"https:\/\/rhepa.se\/en\/wp-json\/wp\/v2\/tags?post=23966"}],"curies":[{"name":"wp","href":"https:\/\/api.w.org\/{rel}","templated":true}]}}