{"id":24009,"date":"2019-06-14T17:16:38","date_gmt":"2019-06-14T17:16:38","guid":{"rendered":"https:\/\/rhepa.se\/rhenman-healthcare-equity-l-s-fundamentalt-starkt-svart-att-inte-vara-optimistisk\/"},"modified":"2019-06-14T17:16:38","modified_gmt":"2019-06-14T17:16:38","slug":"rhenman-healthcare-equity-l-s-fundamentalt-starkt-svart-att-inte-vara-optimistisk","status":"publish","type":"post","link":"https:\/\/rhepa.se\/en\/rhenman-healthcare-equity-l-s-fundamentalt-starkt-svart-att-inte-vara-optimistisk\/","title":{"rendered":"Rhenman Healthcare Equity L\/S: &#8221;Fundamentalt starkt, sv\u00e5rt att inte vara optimistisk&#8221;"},"content":{"rendered":"<p>STOCKHOLM (Fonder Direkt) H\u00e4lsov\u00e5rdssektorns fundamentala f\u00f6rh\u00e5llanden \u00e4r mycket starka, och efter att ha sl\u00e4pat efter den bredare marknaden i \u00e5r finns god potential att komma ikapp, s\u00e4rskilt d\u00e5 sektorn tenderar att prestera v\u00e4l sent i den ekonomiska cykeln. <br \/>Det uttryckte Henrik Rhenman, som tillsammans med Susanna Urdmark f\u00f6rvaltar sektorhedgefonden Rhenman Healthcare Equity L\/S, i en webcast p\u00e5 torsdagen.<br \/>F\u00f6rvaltaren konstaterade samtidigt att ett amerikanskt presidentval v\u00e4ntar n\u00e4sta \u00e5r, vilket brukar medf\u00f6ra en viss oro kring vilka spelregler som ska g\u00e4lla i de olika h\u00e4lsov\u00e5rdssegmenten. Men \u00f6verlag \u00e4r han optimistisk kring utsikterna.<br \/>&#8221;Det sker m\u00e5nga kliniska framsteg med nya l\u00e4kemedelskandidater, och medicintekniksektorn upplever vad man skulle kunna kalla en boom&#8221;, sade Henrik Rhenman.<br \/>Susanna Urdmark fyllde i:<br \/>&#8221;Det \u00e4r en h\u00f6g innovationsniv\u00e5 i m\u00e5nga av v\u00e5ra bolag, och i till\u00e4gg till det har vi sett en upprevidering vad g\u00e4ller estimaten i sektorn hittills i \u00e5r. S\u00e5 bolagen \u00e4r h\u00e4lsosammare s\u00e5v\u00e4l finansiellt som innovationsm\u00e4ssigt.&#8221;<br \/>Henrik Rhenman slog vidare fast att fonden hade ett d\u00e5ligt 2018, men uppgav sig bed\u00f6ma att den korrektionen b\u00f6r vara \u00f6ver, med mycket fundamentala goda nyheter som kommer fr\u00e5n portf\u00f6ljbolagen.<br \/>&#8221;Det \u00e4r sv\u00e5rt att inte vara optimistisk, faktiskt&#8221;, sade Henrik Rhenman.<br \/>Klicka  f\u00f6r att se webcasten.<\/p>\n<p>Fondredaktionen +46 8 5191 79 05 https:\/\/twitter.com\/Fonder_Direkt<br \/>Fonder Direkt<\/p>","protected":false},"excerpt":{"rendered":"<p>STOCKHOLM (Fonder Direkt) H\u00e4lsov\u00e5rdssektorns fundamentala f\u00f6rh\u00e5llanden \u00e4r mycket starka, och efter att ha sl\u00e4pat efter den bredare marknaden i \u00e5r finns god potential att komma ikapp, s\u00e4rskilt d\u00e5 sektorn tenderar att prestera v\u00e4l sent i den ekonomiska cykeln. Det uttryckte Henrik Rhenman, som tillsammans med Susanna Urdmark f\u00f6rvaltar sektorhedgefonden Rhenman Healthcare Equity L\/S, i en [&hellip;]<\/p>\n","protected":false},"author":1,"featured_media":0,"comment_status":"open","ping_status":"open","sticky":false,"template":"","format":"standard","meta":{"_acf_changed":false,"footnotes":""},"categories":[3],"tags":[],"class_list":["post-24009","post","type-post","status-publish","format-standard","hentry","category-direct"],"acf":[],"aioseo_notices":[],"_links":{"self":[{"href":"https:\/\/rhepa.se\/en\/wp-json\/wp\/v2\/posts\/24009","targetHints":{"allow":["GET"]}}],"collection":[{"href":"https:\/\/rhepa.se\/en\/wp-json\/wp\/v2\/posts"}],"about":[{"href":"https:\/\/rhepa.se\/en\/wp-json\/wp\/v2\/types\/post"}],"author":[{"embeddable":true,"href":"https:\/\/rhepa.se\/en\/wp-json\/wp\/v2\/users\/1"}],"replies":[{"embeddable":true,"href":"https:\/\/rhepa.se\/en\/wp-json\/wp\/v2\/comments?post=24009"}],"version-history":[{"count":0,"href":"https:\/\/rhepa.se\/en\/wp-json\/wp\/v2\/posts\/24009\/revisions"}],"wp:attachment":[{"href":"https:\/\/rhepa.se\/en\/wp-json\/wp\/v2\/media?parent=24009"}],"wp:term":[{"taxonomy":"category","embeddable":true,"href":"https:\/\/rhepa.se\/en\/wp-json\/wp\/v2\/categories?post=24009"},{"taxonomy":"post_tag","embeddable":true,"href":"https:\/\/rhepa.se\/en\/wp-json\/wp\/v2\/tags?post=24009"}],"curies":[{"name":"wp","href":"https:\/\/api.w.org\/{rel}","templated":true}]}}